{"id":2218,"date":"2015-04-17T12:41:23","date_gmt":"2015-04-17T16:41:23","guid":{"rendered":"http:\/\/www.funfte.cl\/sitio\/?p=2218"},"modified":"2015-04-17T12:43:36","modified_gmt":"2015-04-17T16:43:36","slug":"extienden-hasta-el-30-de-abril-la-veda-de-sardinas-y-anchovetas-en-el-bio-bio","status":"publish","type":"post","link":"http:\/\/www.funfte.cl\/sitio\/?p=2218","title":{"rendered":"Extienden hasta el 30 de abril la veda de sardinas y anchovetas en el Bio Bio"},"content":{"rendered":"<p><strong>Autoridades decidieron extender hasta el 30 de abril la \u00faltima veda de sardina y anchoveta que terminaba este viernes. No obstante, si los monitoreos que se realizan arrojan una mejor talla del recurso, se podr\u00eda abrir la captura en algunas zonas o en toda la regi\u00f3n.<\/strong><\/p>\n<p>Desde la Subsecretar\u00eda de Pesca se decidi\u00f3 operar de una manera distinta a c\u00f3mo se ven\u00eda haciendo. Es decir, esta pesquer\u00eda se encontrar\u00e1 con restricci\u00f3n de captura durante dos semanas aproximadamente, mientras que los monitoreos permitir\u00e1n decidir si se abre no a la extracci\u00f3n.<\/p>\n<p>Los \u00faltimos datos que se dispon\u00eda del fin de semana pasado, siguieron arrojando ejemplares de baja talla con hasta 300 individuos por litro, cuando lo normal es un centenar para una talla de 8,5 cent\u00edmetros que es el m\u00ednimo para su captura.<br \/>\nLilian Troncoso, directora zonal de pesca, reconoce que esta nueva determinaci\u00f3n representa un perjuicio directo a quienes se dedican a esto en el mundo artesanal, pero reiter\u00f3 que las decisiones del Gobierno s\u00f3lo tienen como finalidad la preservaci\u00f3n de esta pesquer\u00eda.<\/p>\n<p>Este viernes y a partir de los episodios de malos olores que han afectado a Coronel y Lota, representantes de la pesca industrial fueron convocados a la Seremi de Salud para comprometer rigurosidad en sus procesos.<\/p>\n<p><em id=\"__mceDel\">Macarena Cepeda, encargada de Medio Ambiente de ASIPES, dijo que justamente el tama\u00f1o del pescado ha sido el detonante de la descomposici\u00f3n.<\/em><\/p>\n<p>La nueva restricci\u00f3n de captura podr\u00eda no obstante levantarse si es que los monitoreos de estos d\u00edas entregaran luces de una mejor situaci\u00f3n en alguna zona de pesca o en toda la regi\u00f3n.<br \/>\nSe trata de una determinaci\u00f3n que est\u00e1 lejos de las pretensiones de los tripulantes de naves artesanales que este jueves protestaron nuevamente en Concepci\u00f3n, pidiendo poder capturar en toda la regi\u00f3n y por periodos prolongados.<\/p>\n<p>Fuente: BioBioChile<\/p>\n","protected":false},"excerpt":{"rendered":"<p>Autoridades decidieron extender hasta el 30 de abril la \u00faltima veda de sardina y anchoveta que terminaba este viernes. No obstante, si los monitoreos que se realizan arrojan una mejor talla del recurso, se podr\u00eda abrir la captura en algunas zonas o en toda la regi\u00f3n. Desde la Subsecretar\u00eda de Pesca se decidi\u00f3 operar de [&hellip;]<\/p>\n","protected":false},"author":2,"featured_media":2219,"comment_status":"closed","ping_status":"closed","sticky":false,"template":"","format":"standard","meta":[],"categories":[16],"tags":[],"_links":{"self":[{"href":"http:\/\/www.funfte.cl\/sitio\/index.php?rest_route=\/wp\/v2\/posts\/2218"}],"collection":[{"href":"http:\/\/www.funfte.cl\/sitio\/index.php?rest_route=\/wp\/v2\/posts"}],"about":[{"href":"http:\/\/www.funfte.cl\/sitio\/index.php?rest_route=\/wp\/v2\/types\/post"}],"author":[{"embeddable":true,"href":"http:\/\/www.funfte.cl\/sitio\/index.php?rest_route=\/wp\/v2\/users\/2"}],"replies":[{"embeddable":true,"href":"http:\/\/www.funfte.cl\/sitio\/index.php?rest_route=%2Fwp%2Fv2%2Fcomments&post=2218"}],"version-history":[{"count":5,"href":"http:\/\/www.funfte.cl\/sitio\/index.php?rest_route=\/wp\/v2\/posts\/2218\/revisions"}],"predecessor-version":[{"id":2223,"href":"http:\/\/www.funfte.cl\/sitio\/index.php?rest_route=\/wp\/v2\/posts\/2218\/revisions\/2223"}],"wp:featuredmedia":[{"embeddable":true,"href":"http:\/\/www.funfte.cl\/sitio\/index.php?rest_route=\/wp\/v2\/media\/2219"}],"wp:attachment":[{"href":"http:\/\/www.funfte.cl\/sitio\/index.php?rest_route=%2Fwp%2Fv2%2Fmedia&parent=2218"}],"wp:term":[{"taxonomy":"category","embeddable":true,"href":"http:\/\/www.funfte.cl\/sitio\/index.php?rest_route=%2Fwp%2Fv2%2Fcategories&post=2218"},{"taxonomy":"post_tag","embeddable":true,"href":"http:\/\/www.funfte.cl\/sitio\/index.php?rest_route=%2Fwp%2Fv2%2Ftags&post=2218"}],"curies":[{"name":"wp","href":"https:\/\/api.w.org\/{rel}","templated":true}]}}