{"id":2715,"date":"2015-10-07T14:03:15","date_gmt":"2015-10-07T18:03:15","guid":{"rendered":"http:\/\/www.funfte.cl\/sitio\/?p=2715"},"modified":"2015-10-07T14:04:52","modified_gmt":"2015-10-07T18:04:52","slug":"junta-de-vecinos-villa-perales-oriente-festejo-decimo-aniversario","status":"publish","type":"post","link":"http:\/\/www.funfte.cl\/sitio\/?p=2715","title":{"rendered":"Junta de Vecinos Villa Perales Oriente festej\u00f3 d\u00e9cimo aniversario"},"content":{"rendered":"<p><strong>La Junta de Vecinos de Villa de Perales Oriente en una d\u00e9cada ha registrado importantes avances para su comunidad, entre ellos la sede social, orgullo para todos sus dirigentes y socios y donde adem\u00e1s celebraron, con platos t\u00edpicos, bailes, m\u00fasica criolla y stand de ventas, su d\u00e9cimo a\u00f1o como organizaci\u00f3n.<\/strong><\/p>\n<p>&nbsp;<\/p>\n<p>Para el presidente de la Junta de Vecinos, Miguel Navarro, los avances del sector han sido posibles gracias al apoyo de la vecindad y el trabajo conjunto con la Municipalidad de Talcahuano.<\/p>\n<p>\u201cPostulamos a proyectos y hemos tenido bastantes mejoramientos en nuestro barrio, siendo el m\u00e1s importante\u00a0 el proyecto de la sede. Ahora estamos postulando una multicancha, equipamiento necesario para nosotros, pero del cual tambi\u00e9n podr\u00e1n verse beneficiados comunidades de nuestros alrededores\u201d, a\u00f1adi\u00f3 Navarro.<\/p>\n<p>En tanto, el alcalde Gast\u00f3n Saavedra, presente en la actividad, destac\u00f3 la organizaci\u00f3n y los felicit\u00f3 por el trabajo realizado. \u201cA pesar del tiempo que ha transcurrido, han mantenido unidad y han sido capaces de\u00a0 desarrollar programas permanentes con la adhesi\u00f3n de la comunidad, lo que habla bien de la dirigencia\u201d, expres\u00f3 la m\u00e1xima autoridad comunal.<\/p>\n<p>Villa de Perales Oriente pertenece a la Unidad Vecinal de Huertos Familiares, con personalidad jur\u00eddica N\u00b01533, de fecha 6 de octubre de 2005 y actualmente representa a 212 socios y a 465 familias.<\/p>\n<p>&nbsp;<\/p>\n<p>Fuente: www.talcahuano.cl<\/p>\n","protected":false},"excerpt":{"rendered":"<p>La Junta de Vecinos de Villa de Perales Oriente en una d\u00e9cada ha registrado importantes avances para su comunidad, entre ellos la sede social, orgullo para todos sus dirigentes y socios y donde adem\u00e1s celebraron, con platos t\u00edpicos, bailes, m\u00fasica criolla y stand de ventas, su d\u00e9cimo a\u00f1o como organizaci\u00f3n. &nbsp; Para el presidente de [&hellip;]<\/p>\n","protected":false},"author":2,"featured_media":2716,"comment_status":"closed","ping_status":"closed","sticky":false,"template":"","format":"standard","meta":[],"categories":[14,16],"tags":[],"_links":{"self":[{"href":"http:\/\/www.funfte.cl\/sitio\/index.php?rest_route=\/wp\/v2\/posts\/2715"}],"collection":[{"href":"http:\/\/www.funfte.cl\/sitio\/index.php?rest_route=\/wp\/v2\/posts"}],"about":[{"href":"http:\/\/www.funfte.cl\/sitio\/index.php?rest_route=\/wp\/v2\/types\/post"}],"author":[{"embeddable":true,"href":"http:\/\/www.funfte.cl\/sitio\/index.php?rest_route=\/wp\/v2\/users\/2"}],"replies":[{"embeddable":true,"href":"http:\/\/www.funfte.cl\/sitio\/index.php?rest_route=%2Fwp%2Fv2%2Fcomments&post=2715"}],"version-history":[{"count":5,"href":"http:\/\/www.funfte.cl\/sitio\/index.php?rest_route=\/wp\/v2\/posts\/2715\/revisions"}],"predecessor-version":[{"id":2720,"href":"http:\/\/www.funfte.cl\/sitio\/index.php?rest_route=\/wp\/v2\/posts\/2715\/revisions\/2720"}],"wp:featuredmedia":[{"embeddable":true,"href":"http:\/\/www.funfte.cl\/sitio\/index.php?rest_route=\/wp\/v2\/media\/2716"}],"wp:attachment":[{"href":"http:\/\/www.funfte.cl\/sitio\/index.php?rest_route=%2Fwp%2Fv2%2Fmedia&parent=2715"}],"wp:term":[{"taxonomy":"category","embeddable":true,"href":"http:\/\/www.funfte.cl\/sitio\/index.php?rest_route=%2Fwp%2Fv2%2Fcategories&post=2715"},{"taxonomy":"post_tag","embeddable":true,"href":"http:\/\/www.funfte.cl\/sitio\/index.php?rest_route=%2Fwp%2Fv2%2Ftags&post=2715"}],"curies":[{"name":"wp","href":"https:\/\/api.w.org\/{rel}","templated":true}]}}